{"id":1797,"date":"2025-09-11T13:25:19","date_gmt":"2025-09-11T13:25:19","guid":{"rendered":"https:\/\/aliarp.com.br\/2025\/09\/11\/yellow-september-the-influence-of-the-corporate-environment-on-mental-health\/"},"modified":"2025-09-11T17:32:12","modified_gmt":"2025-09-11T17:32:12","slug":"yellow-september-the-influence-of-the-corporate-environment-on-mental-health","status":"publish","type":"post","link":"https:\/\/aliarp.com.br\/en\/yellow-september-the-influence-of-the-corporate-environment-on-mental-health\/","title":{"rendered":"Yellow September: The Influence of the Corporate Environment on Mental Health"},"content":{"rendered":"\n<p>September is dedicated to suicide prevention\u2014an issue that demands ongoing attention,&#13;\nincluding within companies. The work environment occupies a significant part of employees\u2019&#13;\ndaily lives and can directly impact mental health, either positively or negatively. That\u2019s why&#13;\ndiscussing the role of the corporate environment in this context is so important.<\/p>\n\n<p>The Impact of the Work Environment<\/p>\n\n<p>Pressure for results, long working hours, and a lack of opportunities for dialogue are factors&#13;\nthat can worsen psychological distress. In contrast, companies that foster a welcoming culture&#13;\nand active listening help create a support network that serves as a protective factor for&#13;\nemployees.<\/p>\n\n<p>When leaders are open about their own vulnerabilities, validate individual needs, and&#13;\nencourage collaboration, the workplace becomes a space of trust. This shift in attitude helps&#13;\nbreak down barriers and creates an environment where employees feel comfortable asking for&#13;\nhelp, sharing experiences, and supporting one another.<\/p>\n\n<p>The Role of Internal Communication<\/p>\n\n<p>Internal communication plays a key role in this process. In addition to conveying institutional&#13;\nmessages, it must translate the company\u2019s commitment into concrete actions, such as&#13;\nawareness campaigns, discussion groups, lectures, psychological support programs, and&#13;\ninitiatives that promote work-life balance.<\/p>\n\n<p>This effort strengthens the organizational culture, demonstrating that the company values&#13;\nboth mental health and performance equally. As a result, it helps create a more humane&#13;\nenvironment, where employees don\u2019t feel alone in facing their challenges.<\/p>\n\n<p>Building a Culture of Care<\/p>\n\n<p>Seasonal initiatives, such as actions during Yellow September, are important, but they can\u2019t&#13;\nstand alone. Mental health care must be a permanent part of the agenda, embedded in&#13;\nmanagement practices and human resources policies.<\/p>\n\n<p>By investing in clear communication, empathy, and continuous support, organizations help&#13;\nprevent suicide, strengthen team connections, and build a healthier, more sustainable future&#13;\nfor everyone.<\/p>\n","protected":false},"excerpt":{"rendered":"<p>September is dedicated to suicide prevention\u2014an issue that demands ongoing attention,&#13; including within companies. The work environment occupies a significant part of employees\u2019&#13; daily lives and can directly impact mental health, either positively or negatively. That\u2019s why&#13; discussing the role of the corporate environment in this context is so important. The Impact of the Work [&hellip;]<\/p>\n","protected":false},"author":2,"featured_media":1793,"comment_status":"open","ping_status":"open","sticky":false,"template":"","format":"standard","meta":{"footnotes":""},"categories":[],"tags":[],"class_list":["post-1797","post","type-post","status-publish","format-standard","has-post-thumbnail","hentry"],"yoast_head":"<!-- This site is optimized with the Yoast SEO plugin v25.9 - https:\/\/yoast.com\/wordpress\/plugins\/seo\/ -->\n<title>Yellow September: The Influence of the Corporate Environment on Mental Health - Ali\u00e1 RP<\/title>\n<meta name=\"robots\" content=\"index, follow, max-snippet:-1, max-image-preview:large, max-video-preview:-1\" \/>\n<link rel=\"canonical\" href=\"https:\/\/aliarp.com.br\/en\/yellow-september-the-influence-of-the-corporate-environment-on-mental-health\/\" \/>\n<meta property=\"og:locale\" content=\"en_US\" \/>\n<meta property=\"og:type\" content=\"article\" \/>\n<meta property=\"og:title\" content=\"Yellow September: The Influence of the Corporate Environment on Mental Health - Ali\u00e1 RP\" \/>\n<meta property=\"og:description\" content=\"September is dedicated to suicide prevention\u2014an issue that demands ongoing attention,&#013; including within companies. The work environment occupies a significant part of employees\u2019&#013; daily lives and can directly impact mental health, either positively or negatively. That\u2019s why&#013; discussing the role of the corporate environment in this context is so important. The Impact of the Work [&hellip;]\" \/>\n<meta property=\"og:url\" content=\"https:\/\/aliarp.com.br\/en\/yellow-september-the-influence-of-the-corporate-environment-on-mental-health\/\" \/>\n<meta property=\"og:site_name\" content=\"Ali\u00e1 RP\" \/>\n<meta property=\"article:published_time\" content=\"2025-09-11T13:25:19+00:00\" \/>\n<meta property=\"article:modified_time\" content=\"2025-09-11T17:32:12+00:00\" \/>\n<meta property=\"og:image\" content=\"https:\/\/aliarp.com.br\/wp-content\/uploads\/2025\/09\/ALIA-RP-11-09_Blog-1.png\" \/>\n\t<meta property=\"og:image:width\" content=\"2250\" \/>\n\t<meta property=\"og:image:height\" content=\"2250\" \/>\n\t<meta property=\"og:image:type\" content=\"image\/png\" \/>\n<meta name=\"author\" content=\"Alia RP\" \/>\n<meta name=\"twitter:card\" content=\"summary_large_image\" \/>\n<meta name=\"twitter:label1\" content=\"Written by\" \/>\n\t<meta name=\"twitter:data1\" content=\"Alia RP\" \/>\n\t<meta name=\"twitter:label2\" content=\"Est. reading time\" \/>\n\t<meta name=\"twitter:data2\" content=\"1 minute\" \/>\n<script type=\"application\/ld+json\" class=\"yoast-schema-graph\">{\"@context\":\"https:\/\/schema.org\",\"@graph\":[{\"@type\":\"WebPage\",\"@id\":\"https:\/\/aliarp.com.br\/en\/yellow-september-the-influence-of-the-corporate-environment-on-mental-health\/\",\"url\":\"https:\/\/aliarp.com.br\/en\/yellow-september-the-influence-of-the-corporate-environment-on-mental-health\/\",\"name\":\"Yellow September: The Influence of the Corporate Environment on Mental Health - Ali\u00e1 RP\",\"isPartOf\":{\"@id\":\"https:\/\/aliarp.com.br\/#website\"},\"primaryImageOfPage\":{\"@id\":\"https:\/\/aliarp.com.br\/en\/yellow-september-the-influence-of-the-corporate-environment-on-mental-health\/#primaryimage\"},\"image\":{\"@id\":\"https:\/\/aliarp.com.br\/en\/yellow-september-the-influence-of-the-corporate-environment-on-mental-health\/#primaryimage\"},\"thumbnailUrl\":\"https:\/\/aliarp.com.br\/wp-content\/uploads\/2025\/09\/ALIA-RP-11-09_Blog-1.png\",\"datePublished\":\"2025-09-11T13:25:19+00:00\",\"dateModified\":\"2025-09-11T17:32:12+00:00\",\"author\":{\"@id\":\"https:\/\/aliarp.com.br\/#\/schema\/person\/d9978a634e07bc56ba61e05030b2aa30\"},\"inLanguage\":\"en-US\",\"potentialAction\":[{\"@type\":\"ReadAction\",\"target\":[\"https:\/\/aliarp.com.br\/en\/yellow-september-the-influence-of-the-corporate-environment-on-mental-health\/\"]}]},{\"@type\":\"ImageObject\",\"inLanguage\":\"en-US\",\"@id\":\"https:\/\/aliarp.com.br\/en\/yellow-september-the-influence-of-the-corporate-environment-on-mental-health\/#primaryimage\",\"url\":\"https:\/\/aliarp.com.br\/wp-content\/uploads\/2025\/09\/ALIA-RP-11-09_Blog-1.png\",\"contentUrl\":\"https:\/\/aliarp.com.br\/wp-content\/uploads\/2025\/09\/ALIA-RP-11-09_Blog-1.png\",\"width\":2250,\"height\":2250},{\"@type\":\"WebSite\",\"@id\":\"https:\/\/aliarp.com.br\/#website\",\"url\":\"https:\/\/aliarp.com.br\/\",\"name\":\"Ali\u00e1 RP\",\"description\":\"A Ali\u00e1 RP atua nas diversas frentes da comunica\u00e7\u00e3o corporativa com foco em desenvolver a\u00e7\u00f5es para conectar marcas aos seus diversos p\u00fablicos de interesse.\",\"potentialAction\":[{\"@type\":\"SearchAction\",\"target\":{\"@type\":\"EntryPoint\",\"urlTemplate\":\"https:\/\/aliarp.com.br\/?s={search_term_string}\"},\"query-input\":{\"@type\":\"PropertyValueSpecification\",\"valueRequired\":true,\"valueName\":\"search_term_string\"}}],\"inLanguage\":\"en-US\"},{\"@type\":\"Person\",\"@id\":\"https:\/\/aliarp.com.br\/#\/schema\/person\/d9978a634e07bc56ba61e05030b2aa30\",\"name\":\"Alia RP\",\"url\":\"https:\/\/aliarp.com.br\/en\/author\/aliarp\/\"}]}<\/script>\n<!-- \/ Yoast SEO plugin. -->","yoast_head_json":{"title":"Yellow September: The Influence of the Corporate Environment on Mental Health - Ali\u00e1 RP","robots":{"index":"index","follow":"follow","max-snippet":"max-snippet:-1","max-image-preview":"max-image-preview:large","max-video-preview":"max-video-preview:-1"},"canonical":"https:\/\/aliarp.com.br\/en\/yellow-september-the-influence-of-the-corporate-environment-on-mental-health\/","og_locale":"en_US","og_type":"article","og_title":"Yellow September: The Influence of the Corporate Environment on Mental Health - Ali\u00e1 RP","og_description":"September is dedicated to suicide prevention\u2014an issue that demands ongoing attention,&#13; including within companies. The work environment occupies a significant part of employees\u2019&#13; daily lives and can directly impact mental health, either positively or negatively. That\u2019s why&#13; discussing the role of the corporate environment in this context is so important. The Impact of the Work [&hellip;]","og_url":"https:\/\/aliarp.com.br\/en\/yellow-september-the-influence-of-the-corporate-environment-on-mental-health\/","og_site_name":"Ali\u00e1 RP","article_published_time":"2025-09-11T13:25:19+00:00","article_modified_time":"2025-09-11T17:32:12+00:00","og_image":[{"width":2250,"height":2250,"url":"https:\/\/aliarp.com.br\/wp-content\/uploads\/2025\/09\/ALIA-RP-11-09_Blog-1.png","type":"image\/png"}],"author":"Alia RP","twitter_card":"summary_large_image","twitter_misc":{"Written by":"Alia RP","Est. reading time":"1 minute"},"schema":{"@context":"https:\/\/schema.org","@graph":[{"@type":"WebPage","@id":"https:\/\/aliarp.com.br\/en\/yellow-september-the-influence-of-the-corporate-environment-on-mental-health\/","url":"https:\/\/aliarp.com.br\/en\/yellow-september-the-influence-of-the-corporate-environment-on-mental-health\/","name":"Yellow September: The Influence of the Corporate Environment on Mental Health - Ali\u00e1 RP","isPartOf":{"@id":"https:\/\/aliarp.com.br\/#website"},"primaryImageOfPage":{"@id":"https:\/\/aliarp.com.br\/en\/yellow-september-the-influence-of-the-corporate-environment-on-mental-health\/#primaryimage"},"image":{"@id":"https:\/\/aliarp.com.br\/en\/yellow-september-the-influence-of-the-corporate-environment-on-mental-health\/#primaryimage"},"thumbnailUrl":"https:\/\/aliarp.com.br\/wp-content\/uploads\/2025\/09\/ALIA-RP-11-09_Blog-1.png","datePublished":"2025-09-11T13:25:19+00:00","dateModified":"2025-09-11T17:32:12+00:00","author":{"@id":"https:\/\/aliarp.com.br\/#\/schema\/person\/d9978a634e07bc56ba61e05030b2aa30"},"inLanguage":"en-US","potentialAction":[{"@type":"ReadAction","target":["https:\/\/aliarp.com.br\/en\/yellow-september-the-influence-of-the-corporate-environment-on-mental-health\/"]}]},{"@type":"ImageObject","inLanguage":"en-US","@id":"https:\/\/aliarp.com.br\/en\/yellow-september-the-influence-of-the-corporate-environment-on-mental-health\/#primaryimage","url":"https:\/\/aliarp.com.br\/wp-content\/uploads\/2025\/09\/ALIA-RP-11-09_Blog-1.png","contentUrl":"https:\/\/aliarp.com.br\/wp-content\/uploads\/2025\/09\/ALIA-RP-11-09_Blog-1.png","width":2250,"height":2250},{"@type":"WebSite","@id":"https:\/\/aliarp.com.br\/#website","url":"https:\/\/aliarp.com.br\/","name":"Ali\u00e1 RP","description":"A Ali\u00e1 RP atua nas diversas frentes da comunica\u00e7\u00e3o corporativa com foco em desenvolver a\u00e7\u00f5es para conectar marcas aos seus diversos p\u00fablicos de interesse.","potentialAction":[{"@type":"SearchAction","target":{"@type":"EntryPoint","urlTemplate":"https:\/\/aliarp.com.br\/?s={search_term_string}"},"query-input":{"@type":"PropertyValueSpecification","valueRequired":true,"valueName":"search_term_string"}}],"inLanguage":"en-US"},{"@type":"Person","@id":"https:\/\/aliarp.com.br\/#\/schema\/person\/d9978a634e07bc56ba61e05030b2aa30","name":"Alia RP","url":"https:\/\/aliarp.com.br\/en\/author\/aliarp\/"}]}},"_links":{"self":[{"href":"https:\/\/aliarp.com.br\/en\/wp-json\/wp\/v2\/posts\/1797","targetHints":{"allow":["GET"]}}],"collection":[{"href":"https:\/\/aliarp.com.br\/en\/wp-json\/wp\/v2\/posts"}],"about":[{"href":"https:\/\/aliarp.com.br\/en\/wp-json\/wp\/v2\/types\/post"}],"author":[{"embeddable":true,"href":"https:\/\/aliarp.com.br\/en\/wp-json\/wp\/v2\/users\/2"}],"replies":[{"embeddable":true,"href":"https:\/\/aliarp.com.br\/en\/wp-json\/wp\/v2\/comments?post=1797"}],"version-history":[{"count":1,"href":"https:\/\/aliarp.com.br\/en\/wp-json\/wp\/v2\/posts\/1797\/revisions"}],"predecessor-version":[{"id":1798,"href":"https:\/\/aliarp.com.br\/en\/wp-json\/wp\/v2\/posts\/1797\/revisions\/1798"}],"wp:featuredmedia":[{"embeddable":true,"href":"https:\/\/aliarp.com.br\/en\/wp-json\/wp\/v2\/media\/1793"}],"wp:attachment":[{"href":"https:\/\/aliarp.com.br\/en\/wp-json\/wp\/v2\/media?parent=1797"}],"wp:term":[{"taxonomy":"category","embeddable":true,"href":"https:\/\/aliarp.com.br\/en\/wp-json\/wp\/v2\/categories?post=1797"},{"taxonomy":"post_tag","embeddable":true,"href":"https:\/\/aliarp.com.br\/en\/wp-json\/wp\/v2\/tags?post=1797"}],"curies":[{"name":"wp","href":"https:\/\/api.w.org\/{rel}","templated":true}]}}